{"id":7438,"date":"2026-08-19T07:57:09","date_gmt":"2026-08-19T07:57:09","guid":{"rendered":"https:\/\/www.atpdelaude.com\/?p=7438"},"modified":"2026-09-03T08:53:53","modified_gmt":"2026-09-03T08:53:53","slug":"autour-de-marzia","status":"publish","type":"post","link":"https:\/\/www.atpdelaude.com\/?p=7438","title":{"rendered":"AUTOUR DE MARZIA"},"content":{"rendered":"\t\t<div data-elementor-type=\"wp-post\" data-elementor-id=\"7438\" class=\"elementor elementor-7438\" data-elementor-post-type=\"post\">\n\t\t\t\t\t\t<section class=\"elementor-section elementor-top-section elementor-element elementor-element-bb29794 elementor-section-boxed elementor-section-height-default elementor-section-height-default\" data-id=\"bb29794\" data-element_type=\"section\" data-e-type=\"section\">\n\t\t\t\t\t\t<div class=\"elementor-container elementor-column-gap-default\">\n\t\t\t\t\t<div class=\"elementor-column elementor-col-50 elementor-top-column elementor-element elementor-element-36926849\" data-id=\"36926849\" data-element_type=\"column\" data-e-type=\"column\">\n\t\t\t<div class=\"elementor-widget-wrap\">\n\t\t\t\t\t\t\t<\/div>\n\t\t<\/div>\n\t\t\t\t<div class=\"elementor-column elementor-col-25 elementor-top-column elementor-element elementor-element-49a9beea\" data-id=\"49a9beea\" data-element_type=\"column\" data-e-type=\"column\">\n\t\t\t<div class=\"elementor-widget-wrap elementor-element-populated\">\n\t\t\t\t\t\t<div class=\"elementor-element elementor-element-5f9d762f elementor-widget elementor-widget-image\" data-id=\"5f9d762f\" data-element_type=\"widget\" data-e-type=\"widget\" data-widget_type=\"image.default\">\n\t\t\t\t<div class=\"elementor-widget-container\">\n\t\t\t\t\t\t\t\t\t\t\t\t\t\t\t\t<a href=\"https:\/\/www.helloasso.com\/associations\/atp-de-l-aude\" target=\"_blank\">\n\t\t\t\t\t\t\t<img fetchpriority=\"high\" decoding=\"async\" width=\"238\" height=\"238\" src=\"https:\/\/www.atpdelaude.com\/wp-content\/uploads\/2025\/08\/Logo-hell-asso.png\" class=\"attachment-large size-large wp-image-6975\" alt=\"\" srcset=\"https:\/\/www.atpdelaude.com\/wp-content\/uploads\/2025\/08\/Logo-hell-asso.png 238w, https:\/\/www.atpdelaude.com\/wp-content\/uploads\/2025\/08\/Logo-hell-asso-150x150.png 150w\" sizes=\"(max-width: 238px) 100vw, 238px\" \/>\t\t\t\t\t\t\t\t<\/a>\n\t\t\t\t\t\t\t\t\t\t\t\t\t\t\t<\/div>\n\t\t\t\t<\/div>\n\t\t\t\t\t<\/div>\n\t\t<\/div>\n\t\t\t\t<div class=\"elementor-column elementor-col-25 elementor-top-column elementor-element elementor-element-48d85741\" data-id=\"48d85741\" data-element_type=\"column\" data-e-type=\"column\">\n\t\t\t<div class=\"elementor-widget-wrap elementor-element-populated\">\n\t\t\t\t\t\t<div class=\"elementor-element elementor-element-4792488a elementor-widget elementor-widget-image\" data-id=\"4792488a\" data-element_type=\"widget\" data-e-type=\"widget\" data-widget_type=\"image.default\">\n\t\t\t\t<div class=\"elementor-widget-container\">\n\t\t\t\t\t\t\t\t\t\t\t\t\t\t\t\t<a href=\"https:\/\/www.atpdelaude.com\/?page_id=1114\" target=\"_blank\">\n\t\t\t\t\t\t\t<img decoding=\"async\" width=\"300\" height=\"137\" src=\"https:\/\/www.atpdelaude.com\/wp-content\/uploads\/2022\/01\/bouton_reserver-copie.png\" class=\"attachment-large size-large wp-image-2943\" alt=\"\" \/>\t\t\t\t\t\t\t\t<\/a>\n\t\t\t\t\t\t\t\t\t\t\t\t\t\t\t<\/div>\n\t\t\t\t<\/div>\n\t\t\t\t\t<\/div>\n\t\t<\/div>\n\t\t\t\t\t<\/div>\n\t\t<\/section>\n\t\t\t\t<section class=\"elementor-section elementor-top-section elementor-element elementor-element-2e70af4d elementor-section-boxed elementor-section-height-default elementor-section-height-default\" data-id=\"2e70af4d\" data-element_type=\"section\" data-e-type=\"section\">\n\t\t\t\t\t\t<div class=\"elementor-container elementor-column-gap-default\">\n\t\t\t\t\t<div class=\"elementor-column elementor-col-100 elementor-top-column elementor-element elementor-element-7db38c96\" data-id=\"7db38c96\" data-element_type=\"column\" data-e-type=\"column\">\n\t\t\t<div class=\"elementor-widget-wrap elementor-element-populated\">\n\t\t\t\t\t\t<div class=\"elementor-element elementor-element-21259759 elementor-widget elementor-widget-text-editor\" data-id=\"21259759\" data-element_type=\"widget\" data-e-type=\"widget\" data-widget_type=\"text-editor.default\">\n\t\t\t\t<div class=\"elementor-widget-container\">\n\t\t\t\t\t\t\t\t\t<p>6 Mars 2027 \u00e0 Quillan<\/p>\t\t\t\t\t\t\t\t<\/div>\n\t\t\t\t<\/div>\n\t\t\t\t<div class=\"elementor-element elementor-element-14b4afac elementor-widget elementor-widget-heading\" data-id=\"14b4afac\" data-element_type=\"widget\" data-e-type=\"widget\" data-widget_type=\"heading.default\">\n\t\t\t\t<div class=\"elementor-widget-container\">\n\t\t\t\t\t<h2 class=\"elementor-heading-title elementor-size-default\">AUTOUR DE MARZIA<\/h2>\t\t\t\t<\/div>\n\t\t\t\t<\/div>\n\t\t\t\t<div class=\"elementor-element elementor-element-5e3d319c elementor-widget elementor-widget-text-editor\" data-id=\"5e3d319c\" data-element_type=\"widget\" data-e-type=\"widget\" data-widget_type=\"text-editor.default\">\n\t\t\t\t<div class=\"elementor-widget-container\">\n\t\t\t\t\t\t\t\t\t<p class=\"p1\">La Compagnie Clandestine<\/p>\t\t\t\t\t\t\t\t<\/div>\n\t\t\t\t<\/div>\n\t\t\t\t<div class=\"elementor-element elementor-element-372ab967 elementor-skin-slideshow elementor-arrows-yes elementor-widget elementor-widget-media-carousel\" data-id=\"372ab967\" data-element_type=\"widget\" data-e-type=\"widget\" data-settings=\"{&quot;skin&quot;:&quot;slideshow&quot;,&quot;effect&quot;:&quot;slide&quot;,&quot;show_arrows&quot;:&quot;yes&quot;,&quot;speed&quot;:500,&quot;autoplay&quot;:&quot;yes&quot;,&quot;autoplay_speed&quot;:5000,&quot;loop&quot;:&quot;yes&quot;,&quot;pause_on_hover&quot;:&quot;yes&quot;,&quot;pause_on_interaction&quot;:&quot;yes&quot;,&quot;space_between&quot;:{&quot;unit&quot;:&quot;px&quot;,&quot;size&quot;:10,&quot;sizes&quot;:[]},&quot;space_between_tablet&quot;:{&quot;unit&quot;:&quot;px&quot;,&quot;size&quot;:10,&quot;sizes&quot;:[]},&quot;space_between_mobile&quot;:{&quot;unit&quot;:&quot;px&quot;,&quot;size&quot;:10,&quot;sizes&quot;:[]}}\" data-widget_type=\"media-carousel.default\">\n\t\t\t\t<div class=\"elementor-widget-container\">\n\t\t\t\t\t\t\t\t\t<div class=\"elementor-swiper\">\n\t\t\t\t\t<div class=\"elementor-main-swiper swiper\" role=\"region\" aria-roledescription=\"carousel\" aria-label=\"Diapositives\">\n\t\t\t\t<div class=\"swiper-wrapper\">\n\t\t\t\t\t\t\t\t\t\t\t<div class=\"swiper-slide\" role=\"group\" aria-roledescription=\"slide\">\n\t\t\t\t\t\t\t\t\t<div class=\"elementor-carousel-image\" role=\"img\" aria-label=\"MARZIA-HD1.Photo\u00a9P.MORALES-P1566675\" style=\"background-image: url(&#039;https:\/\/www.atpdelaude.com\/wp-content\/uploads\/2026\/08\/MARZIA-HD1.Photo\u00a9P.MORALES-P1566675-scaled.jpg&#039;)\">\n\n\t\t\t\n\t\t\t\t\t<\/div>\n\t\t\t\t\t\t\t\t<\/div>\n\t\t\t\t\t\t\t\t\t\t\t<div class=\"swiper-slide\" role=\"group\" aria-roledescription=\"slide\">\n\t\t\t\t\t\t\t\t\t<div class=\"elementor-carousel-image\" role=\"img\" aria-label=\"MARZIAHD2 photo\u00a9Pierre Morales P1566731\" style=\"background-image: url(&#039;https:\/\/www.atpdelaude.com\/wp-content\/uploads\/2026\/08\/MARZIAHD2-photo\u00a9Pierre-Morales-P1566731-scaled.jpg&#039;)\">\n\n\t\t\t\n\t\t\t\t\t<\/div>\n\t\t\t\t\t\t\t\t<\/div>\n\t\t\t\t\t\t\t\t\t<\/div>\n\t\t\t\t\t\t\t\t\t\t\t\t\t\t\t<div class=\"elementor-swiper-button elementor-swiper-button-prev\" role=\"button\" tabindex=\"0\" aria-label=\"Pr\u00e9c\u00e9dent\">\n\t\t\t\t\t\t\t<i aria-hidden=\"true\" class=\"eicon-chevron-left\"><\/i>\t\t\t\t\t\t<\/div>\n\t\t\t\t\t\t<div class=\"elementor-swiper-button elementor-swiper-button-next\" role=\"button\" tabindex=\"0\" aria-label=\"Suivant\">\n\t\t\t\t\t\t\t<i aria-hidden=\"true\" class=\"eicon-chevron-right\"><\/i>\t\t\t\t\t\t<\/div>\n\t\t\t\t\t\t\t\t\t\t\t\t\t\t\t\t\t<\/div>\n\t\t\t\t<\/div>\n\t\t\t\t\t\t\t\t<div class=\"elementor-swiper\">\n\t\t\t\t\t<div class=\"elementor-main-swiper swiper elementor-thumbnails-swiper swiper\" role=\"region region\" aria-roledescription=\"carousel carousel\" aria-label=\"Diapositives Diapositives\">\n\t\t\t\t<div class=\"swiper-wrapper\">\n\t\t\t\t\t\t\t\t\t\t\t<div class=\"swiper-slide\" role=\"group\" aria-roledescription=\"slide\">\n\t\t\t\t\t\t\t\t\t<div class=\"elementor-carousel-image\" role=\"img\" aria-label=\"MARZIA-HD1.Photo\u00a9P.MORALES-P1566675\" style=\"background-image: url(&#039;https:\/\/www.atpdelaude.com\/wp-content\/uploads\/2026\/08\/MARZIA-HD1.Photo\u00a9P.MORALES-P1566675-scaled.jpg&#039;)\">\n\n\t\t\t\n\t\t\t\t\t<\/div>\n\t\t\t\t\t\t\t\t<\/div>\n\t\t\t\t\t\t\t\t\t\t\t<div class=\"swiper-slide\" role=\"group\" aria-roledescription=\"slide\">\n\t\t\t\t\t\t\t\t\t<div class=\"elementor-carousel-image\" role=\"img\" aria-label=\"MARZIAHD2 photo\u00a9Pierre Morales P1566731\" style=\"background-image: url(&#039;https:\/\/www.atpdelaude.com\/wp-content\/uploads\/2026\/08\/MARZIAHD2-photo\u00a9Pierre-Morales-P1566731-scaled.jpg&#039;)\">\n\n\t\t\t\n\t\t\t\t\t<\/div>\n\t\t\t\t\t\t\t\t<\/div>\n\t\t\t\t\t\t\t\t\t<\/div>\n\t\t\t\t\t\t\t\t\t\t\t\t\t\t\t\t\t\t\t\t\t<\/div>\n\t\t\t\t<\/div>\n\t\t\t\t\t\t\t\t<\/div>\n\t\t\t\t<\/div>\n\t\t\t\t\t<\/div>\n\t\t<\/div>\n\t\t\t\t\t<\/div>\n\t\t<\/section>\n\t\t\t\t<section class=\"elementor-section elementor-top-section elementor-element elementor-element-6381e107 elementor-section-boxed elementor-section-height-default elementor-section-height-default\" data-id=\"6381e107\" data-element_type=\"section\" data-e-type=\"section\">\n\t\t\t\t\t\t<div class=\"elementor-container elementor-column-gap-default\">\n\t\t\t\t\t<div class=\"elementor-column elementor-col-66 elementor-top-column elementor-element elementor-element-74fe25ef\" data-id=\"74fe25ef\" data-element_type=\"column\" data-e-type=\"column\">\n\t\t\t<div class=\"elementor-widget-wrap elementor-element-populated\">\n\t\t\t\t\t\t<div class=\"elementor-element elementor-element-78467d8c elementor-widget elementor-widget-text-editor\" data-id=\"78467d8c\" data-element_type=\"widget\" data-e-type=\"widget\" data-widget_type=\"text-editor.default\">\n\t\t\t\t<div class=\"elementor-widget-container\">\n\t\t\t\t\t\t\t\t\t<p class=\"p1\">Th\u00e9\u00e2tre Jeune Public &#8211; Tout public d\u00e8s 8 ans &#8211; dur\u00e9e 55 min<\/p>\t\t\t\t\t\t\t\t<\/div>\n\t\t\t\t<\/div>\n\t\t\t\t<div class=\"elementor-element elementor-element-381451a4 elementor-widget elementor-widget-text-editor\" data-id=\"381451a4\" data-element_type=\"widget\" data-e-type=\"widget\" data-widget_type=\"text-editor.default\">\n\t\t\t\t<div class=\"elementor-widget-container\">\n\t\t\t\t\t\t\t\t\t<p>Voil\u00e0 Marzia 9 ans, ses parents, sa grand-m\u00e8re, un tr\u00e9sor, quelques dessins-photos, une \u00eele lointaine, la mort, peut-\u00eatre un fant\u00f4me, en tout cas un secret .<br \/>Un soir, elle trouve un bracelet tr\u00e8s chic sous la baignoire sur-lequel est grav\u00e9 son pr\u00e9nom. C\u2019est \u00e9vident, c\u2019est un cadeau pour elle. Pourtant Marzia est incapable d\u2019en parler \u00e0 ses parents, elle redoute quelque chose, mais quoi ? \u00c0 partir de ce bracelet trouv\u00e9, elle va tirer le fil de cette histoire familiale et mener son enqu\u00eate avec humour, malice et po\u00e9sie.<br \/>Sur sc\u00e8ne Mathilda, accompagn\u00e9e de Luigino le machino-musicien, nous raconte avec musique ombre et projections cette histoire qui plonge au coeur d\u2019un secret de famille . <br \/>La mort ? M\u00eame pas peur ! Enfin juste un petit peu.<\/p>\t\t\t\t\t\t\t\t<\/div>\n\t\t\t\t<\/div>\n\t\t\t\t<div class=\"elementor-element elementor-element-1499c26a elementor-widget elementor-widget-text-editor\" data-id=\"1499c26a\" data-element_type=\"widget\" data-e-type=\"widget\" data-widget_type=\"text-editor.default\">\n\t\t\t\t<div class=\"elementor-widget-container\">\n\t\t\t\t\t\t\t\t\t<p>Distribution, production, soutiens<\/p>\t\t\t\t\t\t\t\t<\/div>\n\t\t\t\t<\/div>\n\t\t\t\t<div class=\"elementor-element elementor-element-49eccace elementor-widget elementor-widget-text-editor\" data-id=\"49eccace\" data-element_type=\"widget\" data-e-type=\"widget\" data-widget_type=\"text-editor.default\">\n\t\t\t\t<div class=\"elementor-widget-container\">\n\t\t\t\t\t\t\t\t\t<p>Equipe artistique: <br \/>Texte : Marie Salemi, <br \/>Conception, mise en sc\u00e8ne, jeu : Marie Salemi- Fabrizio Cenci. <br \/>Cr\u00e9ation musicale\u00a0: Roland Catella- Fabrizio Cenci<br \/>Sc\u00e9nographie : Anne-sophie Perrot- Patrick Vindimian<br \/>Dessins\u00a0: Marie Salemi . <br \/>Cr\u00e9ation lumi\u00e8re et r\u00e9gie g\u00e9n\u00e9rale: Roland Catella-Sylvain Ricard<br \/>Costume\u00a0: Atelier Villabate<\/p>\t\t\t\t\t\t\t\t<\/div>\n\t\t\t\t<\/div>\n\t\t\t\t<div class=\"elementor-element elementor-element-791eae4d elementor-skin-carousel elementor-arrows-yes elementor-widget elementor-widget-media-carousel\" data-id=\"791eae4d\" data-element_type=\"widget\" data-e-type=\"widget\" data-settings=\"{&quot;slides_per_view&quot;:&quot;3&quot;,&quot;slides_to_scroll&quot;:&quot;1&quot;,&quot;speed&quot;:1000,&quot;autoplay_speed&quot;:500,&quot;skin&quot;:&quot;carousel&quot;,&quot;effect&quot;:&quot;slide&quot;,&quot;show_arrows&quot;:&quot;yes&quot;,&quot;autoplay&quot;:&quot;yes&quot;,&quot;loop&quot;:&quot;yes&quot;,&quot;pause_on_hover&quot;:&quot;yes&quot;,&quot;pause_on_interaction&quot;:&quot;yes&quot;,&quot;space_between&quot;:{&quot;unit&quot;:&quot;px&quot;,&quot;size&quot;:10,&quot;sizes&quot;:[]},&quot;space_between_tablet&quot;:{&quot;unit&quot;:&quot;px&quot;,&quot;size&quot;:10,&quot;sizes&quot;:[]},&quot;space_between_mobile&quot;:{&quot;unit&quot;:&quot;px&quot;,&quot;size&quot;:10,&quot;sizes&quot;:[]}}\" data-widget_type=\"media-carousel.default\">\n\t\t\t\t<div class=\"elementor-widget-container\">\n\t\t\t\t\t\t\t\t\t<div class=\"elementor-swiper\">\n\t\t\t\t\t<div class=\"elementor-main-swiper swiper\" role=\"region\" aria-roledescription=\"carousel\" aria-label=\"Diapositives\">\n\t\t\t\t<div class=\"swiper-wrapper\">\n\t\t\t\t\t\t\t\t\t\t\t<div class=\"swiper-slide\" role=\"group\" aria-roledescription=\"slide\">\n\t\t\t\t\t\t\t\t\t<div class=\"elementor-carousel-image\" role=\"img\" aria-label=\"Logo Commune de Pennautier\" style=\"background-image: url(&#039;https:\/\/www.atpdelaude.com\/wp-content\/uploads\/2024\/08\/Logo-Commune-de-Pennautier-5.jpg&#039;)\">\n\n\t\t\t\n\t\t\t\t\t<\/div>\n\t\t\t\t\t\t\t\t<\/div>\n\t\t\t\t\t\t\t\t\t\t\t<div class=\"swiper-slide\" role=\"group\" aria-roledescription=\"slide\">\n\t\t\t\t\t\t\t\t\t<div class=\"elementor-carousel-image\" role=\"img\" aria-label=\"Sce\u0300ne des 3 ponts\" style=\"background-image: url(&#039;https:\/\/www.atpdelaude.com\/wp-content\/uploads\/2024\/08\/Scene-des-3-ponts-1.jpg&#039;)\">\n\n\t\t\t\n\t\t\t\t\t<\/div>\n\t\t\t\t\t\t\t\t<\/div>\n\t\t\t\t\t\t\t\t\t\t\t<div class=\"swiper-slide\" role=\"group\" aria-roledescription=\"slide\">\n\t\t\t\t\t\t\t\t\t<div class=\"elementor-carousel-image\" role=\"img\" aria-label=\"espace cathare\" style=\"background-image: url(&#039;https:\/\/www.atpdelaude.com\/wp-content\/uploads\/2024\/08\/espace-cathare.jpg&#039;)\">\n\n\t\t\t\n\t\t\t\t\t<\/div>\n\t\t\t\t\t\t\t\t<\/div>\n\t\t\t\t\t\t\t\t\t<\/div>\n\t\t\t\t\t\t\t\t\t\t\t\t\t\t\t<div class=\"elementor-swiper-button elementor-swiper-button-prev\" role=\"button\" tabindex=\"0\" aria-label=\"Pr\u00e9c\u00e9dent\">\n\t\t\t\t\t\t\t<i aria-hidden=\"true\" class=\"eicon-chevron-left\"><\/i>\t\t\t\t\t\t<\/div>\n\t\t\t\t\t\t<div class=\"elementor-swiper-button elementor-swiper-button-next\" role=\"button\" tabindex=\"0\" aria-label=\"Suivant\">\n\t\t\t\t\t\t\t<i aria-hidden=\"true\" class=\"eicon-chevron-right\"><\/i>\t\t\t\t\t\t<\/div>\n\t\t\t\t\t\t\t\t\t\t\t\t\t\t\t\t\t<\/div>\n\t\t\t\t<\/div>\n\t\t\t\t\t\t\t\t<\/div>\n\t\t\t\t<\/div>\n\t\t\t\t\t<\/div>\n\t\t<\/div>\n\t\t\t\t<div class=\"elementor-column elementor-col-33 elementor-top-column elementor-element elementor-element-4d41a24d\" data-id=\"4d41a24d\" data-element_type=\"column\" data-e-type=\"column\" data-settings=\"{&quot;background_background&quot;:&quot;classic&quot;}\">\n\t\t\t<div class=\"elementor-widget-wrap elementor-element-populated\">\n\t\t\t\t\t\t<div class=\"elementor-element elementor-element-71fe5334 elementor-widget elementor-widget-text-editor\" data-id=\"71fe5334\" data-element_type=\"widget\" data-e-type=\"widget\" data-widget_type=\"text-editor.default\">\n\t\t\t\t<div class=\"elementor-widget-container\">\n\t\t\t\t\t\t\t\t\t<p>Infos pratiques<\/p>\t\t\t\t\t\t\t\t<\/div>\n\t\t\t\t<\/div>\n\t\t\t\t<div class=\"elementor-element elementor-element-6d710f4b elementor-widget elementor-widget-text-editor\" data-id=\"6d710f4b\" data-element_type=\"widget\" data-e-type=\"widget\" data-widget_type=\"text-editor.default\">\n\t\t\t\t<div class=\"elementor-widget-container\">\n\t\t\t\t\t\t\t\t\t<p>06 Mars 2027<\/p><p>20h00<\/p><p>Quillan<\/p>\t\t\t\t\t\t\t\t<\/div>\n\t\t\t\t<\/div>\n\t\t\t\t<div class=\"elementor-element elementor-element-38463088 elementor-widget elementor-widget-text-editor\" data-id=\"38463088\" data-element_type=\"widget\" data-e-type=\"widget\" data-widget_type=\"text-editor.default\">\n\t\t\t\t<div class=\"elementor-widget-container\">\n\t\t\t\t\t\t\t\t\t<p>Espace Cathare<br \/>Place de la gare<br \/>11500 Quillan<\/p>\t\t\t\t\t\t\t\t<\/div>\n\t\t\t\t<\/div>\n\t\t\t\t<div class=\"elementor-element elementor-element-3eea75c9 elementor-widget elementor-widget-button\" data-id=\"3eea75c9\" data-element_type=\"widget\" data-e-type=\"widget\" data-widget_type=\"button.default\">\n\t\t\t\t<div class=\"elementor-widget-container\">\n\t\t\t\t\t\t\t\t\t<div class=\"elementor-button-wrapper\">\n\t\t\t\t\t<a class=\"elementor-button elementor-button-link elementor-size-sm\" href=\"https:\/\/maps.app.goo.gl\/ygxadyCso5yPGsmSA\" target=\"_blank\">\n\t\t\t\t\t\t<span class=\"elementor-button-content-wrapper\">\n\t\t\t\t\t\t\t\t\t<span class=\"elementor-button-text\">Voir sur une carte<\/span>\n\t\t\t\t\t<\/span>\n\t\t\t\t\t<\/a>\n\t\t\t\t<\/div>\n\t\t\t\t\t\t\t\t<\/div>\n\t\t\t\t<\/div>\n\t\t\t\t<div class=\"elementor-element elementor-element-707eb120 elementor-widget elementor-widget-text-editor\" data-id=\"707eb120\" data-element_type=\"widget\" data-e-type=\"widget\" data-widget_type=\"text-editor.default\">\n\t\t\t\t<div class=\"elementor-widget-container\">\n\t\t\t\t\t\t\t\t\t<p><strong>Tarif<\/strong><br \/>6\u20ac<\/p>\t\t\t\t\t\t\t\t<\/div>\n\t\t\t\t<\/div>\n\t\t\t\t<div class=\"elementor-element elementor-element-7a113bd elementor-widget elementor-widget-button\" data-id=\"7a113bd\" data-element_type=\"widget\" data-e-type=\"widget\" data-widget_type=\"button.default\">\n\t\t\t\t<div class=\"elementor-widget-container\">\n\t\t\t\t\t\t\t\t\t<div class=\"elementor-button-wrapper\">\n\t\t\t\t\t<a class=\"elementor-button elementor-button-link elementor-size-sm\" href=\"https:\/\/www.atpdelaude.com\/?page_id=22\" target=\"_blank\">\n\t\t\t\t\t\t<span class=\"elementor-button-content-wrapper\">\n\t\t\t\t\t\t\t\t\t<span class=\"elementor-button-text\">Voir le d\u00e9tail des tarifs<\/span>\n\t\t\t\t\t<\/span>\n\t\t\t\t\t<\/a>\n\t\t\t\t<\/div>\n\t\t\t\t\t\t\t\t<\/div>\n\t\t\t\t<\/div>\n\t\t\t\t<div class=\"elementor-element elementor-element-1c1c34a6 elementor-widget elementor-widget-button\" data-id=\"1c1c34a6\" data-element_type=\"widget\" data-e-type=\"widget\" data-widget_type=\"button.default\">\n\t\t\t\t<div class=\"elementor-widget-container\">\n\t\t\t\t\t\t\t\t\t<div class=\"elementor-button-wrapper\">\n\t\t\t\t\t<a class=\"elementor-button elementor-button-link elementor-size-sm\" href=\"https:\/\/www.atpdelaude.com\/?page_id=1117\" target=\"_blank\">\n\t\t\t\t\t\t<span class=\"elementor-button-content-wrapper\">\n\t\t\t\t\t\t\t\t\t<span class=\"elementor-button-text\">Infos COVID<\/span>\n\t\t\t\t\t<\/span>\n\t\t\t\t\t<\/a>\n\t\t\t\t<\/div>\n\t\t\t\t\t\t\t\t<\/div>\n\t\t\t\t<\/div>\n\t\t\t\t<div class=\"elementor-element elementor-element-53ee6c5a elementor-widget elementor-widget-button\" data-id=\"53ee6c5a\" data-element_type=\"widget\" data-e-type=\"widget\" data-widget_type=\"button.default\">\n\t\t\t\t<div class=\"elementor-widget-container\">\n\t\t\t\t\t\t\t\t\t<div class=\"elementor-button-wrapper\">\n\t\t\t\t\t<a class=\"elementor-button elementor-button-link elementor-size-sm\" href=\"https:\/\/www.atpdelaude.com\/?page_id=22\" target=\"_blank\">\n\t\t\t\t\t\t<span class=\"elementor-button-content-wrapper\">\n\t\t\t\t\t\t\t\t\t<span class=\"elementor-button-text\">Adh\u00e9rer \/ S'abonner \u00e0 l'ATP<\/span>\n\t\t\t\t\t<\/span>\n\t\t\t\t\t<\/a>\n\t\t\t\t<\/div>\n\t\t\t\t\t\t\t\t<\/div>\n\t\t\t\t<\/div>\n\t\t\t\t<div class=\"elementor-element elementor-element-2d981135 elementor-widget elementor-widget-text-editor\" data-id=\"2d981135\" data-element_type=\"widget\" data-e-type=\"widget\" data-widget_type=\"text-editor.default\">\n\t\t\t\t<div class=\"elementor-widget-container\">\n\t\t\t\t\t\t\t\t\t<p>Vous voulez voir plusieurs spectacles ? Pensez \u00e0 adh\u00e9rer ou vous abonner pour profiter de meilleures conditions.<\/p>\t\t\t\t\t\t\t\t<\/div>\n\t\t\t\t<\/div>\n\t\t\t\t<section class=\"elementor-section elementor-inner-section elementor-element elementor-element-151f084a elementor-section-boxed elementor-section-height-default elementor-section-height-default\" data-id=\"151f084a\" data-element_type=\"section\" data-e-type=\"section\">\n\t\t\t\t\t\t<div class=\"elementor-container elementor-column-gap-default\">\n\t\t\t\t\t<div class=\"elementor-column elementor-col-50 elementor-inner-column elementor-element elementor-element-3a2dfa9d\" data-id=\"3a2dfa9d\" data-element_type=\"column\" data-e-type=\"column\">\n\t\t\t<div class=\"elementor-widget-wrap elementor-element-populated\">\n\t\t\t\t\t\t<div class=\"elementor-element elementor-element-6cb49598 elementor-hidden-desktop elementor-hidden-tablet elementor-hidden-mobile elementor-widget elementor-widget-image\" data-id=\"6cb49598\" data-element_type=\"widget\" data-e-type=\"widget\" data-widget_type=\"image.default\">\n\t\t\t\t<div class=\"elementor-widget-container\">\n\t\t\t\t\t\t\t\t\t\t\t\t\t\t\t\t<a href=\"https:\/\/www.festik.net\/\" target=\"_blank\">\n\t\t\t\t\t\t\t<img decoding=\"async\" width=\"150\" height=\"150\" src=\"https:\/\/www.atpdelaude.com\/wp-content\/uploads\/2021\/08\/Festik-bouton_orange.png\" class=\"attachment-large size-large wp-image-170\" alt=\"\" \/>\t\t\t\t\t\t\t\t<\/a>\n\t\t\t\t\t\t\t\t\t\t\t\t\t\t\t<\/div>\n\t\t\t\t<\/div>\n\t\t\t\t<div class=\"elementor-element elementor-element-7458 elementor-widget elementor-widget-global elementor-global-7458 elementor-widget-image\" data-id=\"7458\" data-element_type=\"widget\" data-e-type=\"widget\" data-widget_type=\"image.default\">\n\t\t\t\t<div class=\"elementor-widget-container\">\n\t\t\t\t\t\t\t\t\t\t\t\t\t\t\t\t<a href=\"https:\/\/www.helloasso.com\/associations\/atp-de-l-aude\" target=\"_blank\">\n\t\t\t\t\t\t\t<img fetchpriority=\"high\" decoding=\"async\" width=\"238\" height=\"238\" src=\"https:\/\/www.atpdelaude.com\/wp-content\/uploads\/2025\/08\/Logo-hell-asso.png\" class=\"attachment-large size-large wp-image-6975\" alt=\"\" srcset=\"https:\/\/www.atpdelaude.com\/wp-content\/uploads\/2025\/08\/Logo-hell-asso.png 238w, https:\/\/www.atpdelaude.com\/wp-content\/uploads\/2025\/08\/Logo-hell-asso-150x150.png 150w\" sizes=\"(max-width: 238px) 100vw, 238px\" \/>\t\t\t\t\t\t\t\t<\/a>\n\t\t\t\t\t\t\t\t\t\t\t\t\t\t\t<\/div>\n\t\t\t\t<\/div>\n\t\t\t\t\t<\/div>\n\t\t<\/div>\n\t\t\t\t<div class=\"elementor-column elementor-col-50 elementor-inner-column elementor-element elementor-element-1985d33b\" data-id=\"1985d33b\" data-element_type=\"column\" data-e-type=\"column\">\n\t\t\t<div class=\"elementor-widget-wrap elementor-element-populated\">\n\t\t\t\t\t\t<div class=\"elementor-element elementor-element-1b7ca356 elementor-widget elementor-widget-image\" data-id=\"1b7ca356\" data-element_type=\"widget\" data-e-type=\"widget\" data-widget_type=\"image.default\">\n\t\t\t\t<div class=\"elementor-widget-container\">\n\t\t\t\t\t\t\t\t\t\t\t\t\t\t\t\t<a href=\"https:\/\/www.atpdelaude.com\/?page_id=1114\" target=\"_blank\">\n\t\t\t\t\t\t\t<img decoding=\"async\" width=\"300\" height=\"137\" src=\"https:\/\/www.atpdelaude.com\/wp-content\/uploads\/2022\/01\/bouton_reserver-copie.png\" class=\"attachment-large size-large wp-image-2943\" alt=\"\" \/>\t\t\t\t\t\t\t\t<\/a>\n\t\t\t\t\t\t\t\t\t\t\t\t\t\t\t<\/div>\n\t\t\t\t<\/div>\n\t\t\t\t\t<\/div>\n\t\t<\/div>\n\t\t\t\t\t<\/div>\n\t\t<\/section>\n\t\t\t\t\t<\/div>\n\t\t<\/div>\n\t\t\t\t\t<\/div>\n\t\t<\/section>\n\t\t\t\t<section class=\"elementor-section elementor-top-section elementor-element elementor-element-40773559 elementor-hidden-desktop elementor-hidden-tablet elementor-hidden-mobile elementor-section-boxed elementor-section-height-default elementor-section-height-default\" data-id=\"40773559\" data-element_type=\"section\" data-e-type=\"section\">\n\t\t\t\t\t\t<div class=\"elementor-container elementor-column-gap-default\">\n\t\t\t\t\t<div class=\"elementor-column elementor-col-100 elementor-top-column elementor-element elementor-element-4d3ac928\" data-id=\"4d3ac928\" data-element_type=\"column\" data-e-type=\"column\">\n\t\t\t<div class=\"elementor-widget-wrap elementor-element-populated\">\n\t\t\t\t\t\t<div class=\"elementor-element elementor-element-94aafd3 elementor-widget elementor-widget-text-editor\" data-id=\"94aafd3\" data-element_type=\"widget\" data-e-type=\"widget\" data-widget_type=\"text-editor.default\">\n\t\t\t\t<div class=\"elementor-widget-container\">\n\t\t\t\t\t\t\t\t\t<p>Le regard de l&rsquo;ATP<\/p>\t\t\t\t\t\t\t\t<\/div>\n\t\t\t\t<\/div>\n\t\t\t\t<div class=\"elementor-element elementor-element-20198b28 elementor-widget elementor-widget-text-editor\" data-id=\"20198b28\" data-element_type=\"widget\" data-e-type=\"widget\" data-widget_type=\"text-editor.default\">\n\t\t\t\t<div class=\"elementor-widget-container\">\n\t\t\t\t\t\t\t\t\t<p>Contrary to popular belief, Lorem Ipsum is not simply random text. It has roots in a piece of classical Latin literature from 45 BC, making it over 2000 years old. Richard McClintock, a Latin professor at Hampden-Sydney College in Virginia, looked up one of the more obscure Latin words, consectetur, from a Lorem Ipsum passage, and going through the cites of the word in classical literature, discovered the undoubtable source. Lorem Ipsum comes from sections 1.10.32 and 1.10.33 of \u00ab\u00a0de Finibus Bonorum et Malorum\u00a0\u00bb (The Extremes of Good and Evil) by Cicero, written in 45 BC. This book is a treatise on the theory of ethics, very popular during the Renaissance. The first line of Lorem Ipsum, \u00ab\u00a0Lorem ipsum dolor sit amet..\u00a0\u00bb, comes from a line in section 1.10.32.<\/p>\t\t\t\t\t\t\t\t<\/div>\n\t\t\t\t<\/div>\n\t\t\t\t\t<\/div>\n\t\t<\/div>\n\t\t\t\t\t<\/div>\n\t\t<\/section>\n\t\t\t\t<section class=\"elementor-section elementor-top-section elementor-element elementor-element-6d49efe7 elementor-section-boxed elementor-section-height-default elementor-section-height-default\" data-id=\"6d49efe7\" data-element_type=\"section\" data-e-type=\"section\">\n\t\t\t\t\t\t<div class=\"elementor-container elementor-column-gap-default\">\n\t\t\t\t\t<div class=\"elementor-column elementor-col-100 elementor-top-column elementor-element elementor-element-5b3a8fd6\" data-id=\"5b3a8fd6\" data-element_type=\"column\" data-e-type=\"column\">\n\t\t\t<div class=\"elementor-widget-wrap elementor-element-populated\">\n\t\t\t\t\t\t<div class=\"elementor-element elementor-element-631163cd elementor-align-left elementor-widget elementor-widget-button\" data-id=\"631163cd\" data-element_type=\"widget\" data-e-type=\"widget\" data-widget_type=\"button.default\">\n\t\t\t\t<div class=\"elementor-widget-container\">\n\t\t\t\t\t\t\t\t\t<div class=\"elementor-button-wrapper\">\n\t\t\t\t\t<a class=\"elementor-button elementor-button-link elementor-size-sm\" href=\"https:\/\/www.atpdelaude.com\/wp-content\/uploads\/2026\/08\/Copie-de-Dossier_Autour_de_Marzia_2025.pdf\" target=\"_blank\">\n\t\t\t\t\t\t<span class=\"elementor-button-content-wrapper\">\n\t\t\t\t\t\t\t\t\t<span class=\"elementor-button-text\">Dossier du spectacle disponible ici<\/span>\n\t\t\t\t\t<\/span>\n\t\t\t\t\t<\/a>\n\t\t\t\t<\/div>\n\t\t\t\t\t\t\t\t<\/div>\n\t\t\t\t<\/div>\n\t\t\t\t\t<\/div>\n\t\t<\/div>\n\t\t\t\t\t<\/div>\n\t\t<\/section>\n\t\t\t\t<section class=\"elementor-section elementor-top-section elementor-element elementor-element-763d1d elementor-section-boxed elementor-section-height-default elementor-section-height-default\" data-id=\"763d1d\" data-element_type=\"section\" data-e-type=\"section\">\n\t\t\t\t\t\t<div class=\"elementor-container elementor-column-gap-default\">\n\t\t\t\t\t<div class=\"elementor-column elementor-col-100 elementor-top-column elementor-element elementor-element-d8637df\" data-id=\"d8637df\" data-element_type=\"column\" data-e-type=\"column\">\n\t\t\t<div class=\"elementor-widget-wrap elementor-element-populated\">\n\t\t\t\t\t\t<div class=\"elementor-element elementor-element-58443c7f elementor-widget elementor-widget-text-editor\" data-id=\"58443c7f\" data-element_type=\"widget\" data-e-type=\"widget\" data-widget_type=\"text-editor.default\">\n\t\t\t\t<div class=\"elementor-widget-container\">\n\t\t\t\t\t\t\t\t\t<p><strong>Mentions obligatoires\u00a0:<\/strong><\/p>\t\t\t\t\t\t\t\t<\/div>\n\t\t\t\t<\/div>\n\t\t\t\t<div class=\"elementor-element elementor-element-6fc8b6b3 elementor-widget elementor-widget-text-editor\" data-id=\"6fc8b6b3\" data-element_type=\"widget\" data-e-type=\"widget\" data-widget_type=\"text-editor.default\">\n\t\t\t\t<div class=\"elementor-widget-container\">\n\t\t\t\t\t\t\t\t\t<p>Production de La Compagnie Clandestine<\/p><p>Co-production\u00a0:<\/p><p>&#8211; Th\u00e9\u00e2tre Massalia sc\u00e8ne conventionn\u00e9e d&rsquo;int\u00e9r\u00eat national Art, Enfance et Jeunesse (Marseille)<br \/>&#8211; Th\u00e9\u00e2tre Le S\u00e9maphore (Port de Bouc)<br \/>&#8211; La Tribu F\u00e9d\u00e9ration Artistique et Culturelle Enfance Jeunesse\u00a0 <br \/>&#8211; Le Totem\u00a0sc\u00e8ne conventionn\u00e9e d&rsquo;int\u00e9r\u00eat national Art, Enfance et Jeunesse (Avignon)<br \/>Avec le Soutien\u00a0: Drac Paca, La R\u00e9gion Sud, Le Conseil D\u00e9partement des Alpes de Haute-Provence, le Conseil d\u00e9partemental des Bouches du Rh\u00f4ne. Festival Tous en Son (Marseille)<br \/>Soutien et Aides \u00e0 la R\u00e9sidence\u00a0: Begat Theater (Gr\u00e9oux-les-Bains), Th\u00e9\u00e2tre de Cuisine Pole th\u00e9\u00e2tre d&rsquo;object (Marseille), La Distillerie (Aubagne), Centre D\u00e9partemental de Cr\u00e9ation en R\u00e9sidence Domaine de l\u2019\u00e9tang des Aulnes . L&rsquo;R de la mer (Marseille), La ville des Pennes Mirabeau- Capelane (13)<\/p>\t\t\t\t\t\t\t\t<\/div>\n\t\t\t\t<\/div>\n\t\t\t\t\t<\/div>\n\t\t<\/div>\n\t\t\t\t\t<\/div>\n\t\t<\/section>\n\t\t\t\t<section class=\"elementor-section elementor-top-section elementor-element elementor-element-13a9589f elementor-section-boxed elementor-section-height-default elementor-section-height-default\" data-id=\"13a9589f\" data-element_type=\"section\" data-e-type=\"section\">\n\t\t\t\t\t\t<div class=\"elementor-container elementor-column-gap-default\">\n\t\t\t\t\t<div class=\"elementor-column elementor-col-100 elementor-top-column elementor-element elementor-element-5a847118\" data-id=\"5a847118\" data-element_type=\"column\" data-e-type=\"column\">\n\t\t\t<div class=\"elementor-widget-wrap elementor-element-populated\">\n\t\t\t\t\t\t<div class=\"elementor-element elementor-element-6af1c4ad elementor-widget elementor-widget-text-editor\" data-id=\"6af1c4ad\" data-element_type=\"widget\" data-e-type=\"widget\" data-widget_type=\"text-editor.default\">\n\t\t\t\t<div class=\"elementor-widget-container\">\n\t\t\t\t\t\t\t\t\t<p>Et aussi, bient\u00f4t chez vous&#8230;<\/p>\t\t\t\t\t\t\t\t<\/div>\n\t\t\t\t<\/div>\n\t\t\t\t<div class=\"elementor-element elementor-element-1b0ea854 elementor-widget elementor-widget-global elementor-global-2089 elementor-widget-post-navigation\" data-id=\"1b0ea854\" data-element_type=\"widget\" data-e-type=\"widget\" data-widget_type=\"post-navigation.default\">\n\t\t\t\t<div class=\"elementor-widget-container\">\n\t\t\t\t\t\t\t<div class=\"elementor-post-navigation\" role=\"navigation\" aria-label=\"Navigation de publication\">\n\t\t\t<div class=\"elementor-post-navigation__prev elementor-post-navigation__link\">\n\t\t\t\t<a href=\"https:\/\/www.atpdelaude.com\/?p=7424\" rel=\"prev\"><span class=\"post-navigation__arrow-wrapper post-navigation__arrow-prev\"><i aria-hidden=\"true\" class=\"fas fa-angle-left\"><\/i><span class=\"elementor-screen-only\">Pr\u00e9c\u00e9dent<\/span><\/span><span class=\"elementor-post-navigation__link__prev\"><span class=\"post-navigation__prev--label\">Spectacle pr\u00e9c\u00e9dent<\/span><span class=\"post-navigation__prev--title\">QUINTETTO<\/span><\/span><\/a>\t\t\t<\/div>\n\t\t\t\t\t\t<div class=\"elementor-post-navigation__next elementor-post-navigation__link\">\n\t\t\t\t<a href=\"https:\/\/www.atpdelaude.com\/?p=7587\" rel=\"next\"><span class=\"elementor-post-navigation__link__next\"><span class=\"post-navigation__next--label\">Spectacle suivant<\/span><span class=\"post-navigation__next--title\">L&rsquo;ANGELO DEL FOCOLARE<\/span><\/span><span class=\"post-navigation__arrow-wrapper post-navigation__arrow-next\"><i aria-hidden=\"true\" class=\"fas fa-angle-right\"><\/i><span class=\"elementor-screen-only\">Suivant<\/span><\/span><\/a>\t\t\t<\/div>\n\t\t<\/div>\n\t\t\t\t\t\t<\/div>\n\t\t\t\t<\/div>\n\t\t\t\t\t<\/div>\n\t\t<\/div>\n\t\t\t\t\t<\/div>\n\t\t<\/section>\n\t\t\t\t<\/div>\n\t\t","protected":false},"excerpt":{"rendered":"<p>Th\u00e9\u00e2tre Jeune Public<br \/>\n6 Mars &#8211; QUILLAN<\/p>\n","protected":false},"author":2,"featured_media":7439,"comment_status":"closed","ping_status":"closed","sticky":false,"template":"","format":"standard","meta":{"footnotes":""},"categories":[114],"tags":[],"class_list":["post-7438","post","type-post","status-publish","format-standard","has-post-thumbnail","hentry","category-2026-2027"],"yoast_head":"<!-- This site is optimized with the Yoast SEO plugin v19.11 - https:\/\/yoast.com\/wordpress\/plugins\/seo\/ -->\n<title>AUTOUR DE MARZIA - ATP de l&#039;Aude<\/title>\n<meta name=\"robots\" content=\"index, follow, max-snippet:-1, max-image-preview:large, max-video-preview:-1\" \/>\n<link rel=\"canonical\" href=\"https:\/\/www.atpdelaude.com\/?p=7438\" \/>\n<meta property=\"og:locale\" content=\"fr_FR\" \/>\n<meta property=\"og:type\" content=\"article\" \/>\n<meta property=\"og:title\" content=\"AUTOUR DE MARZIA - ATP de l&#039;Aude\" \/>\n<meta property=\"og:description\" content=\"Th\u00e9\u00e2tre Jeune Public 6 Mars - QUILLAN\" \/>\n<meta property=\"og:url\" content=\"https:\/\/www.atpdelaude.com\/?p=7438\" \/>\n<meta property=\"og:site_name\" content=\"ATP de l&#039;Aude\" \/>\n<meta property=\"article:published_time\" content=\"2026-08-19T07:57:09+00:00\" \/>\n<meta property=\"article:modified_time\" content=\"2026-09-03T08:53:53+00:00\" \/>\n<meta property=\"og:image\" content=\"https:\/\/www.atpdelaude.com\/wp-content\/uploads\/2026\/08\/MARZIA-HD1.Photo\u00a9P.MORALES-P1566675-scaled.jpg\" \/>\n\t<meta property=\"og:image:width\" content=\"2560\" \/>\n\t<meta property=\"og:image:height\" content=\"1707\" \/>\n\t<meta property=\"og:image:type\" content=\"image\/jpeg\" \/>\n<meta name=\"author\" content=\"david reina\" \/>\n<meta name=\"twitter:card\" content=\"summary_large_image\" \/>\n<meta name=\"twitter:label1\" content=\"\u00c9crit par\" \/>\n\t<meta name=\"twitter:data1\" content=\"david reina\" \/>\n\t<meta name=\"twitter:label2\" content=\"Dur\u00e9e de lecture estim\u00e9e\" \/>\n\t<meta name=\"twitter:data2\" content=\"4 minutes\" \/>\n<script type=\"application\/ld+json\" class=\"yoast-schema-graph\">{\"@context\":\"https:\/\/schema.org\",\"@graph\":[{\"@type\":\"Article\",\"@id\":\"https:\/\/www.atpdelaude.com\/?p=7438#article\",\"isPartOf\":{\"@id\":\"https:\/\/www.atpdelaude.com\/?p=7438\"},\"author\":{\"name\":\"david reina\",\"@id\":\"https:\/\/www.atpdelaude.com\/#\/schema\/person\/3c69b351b14c6c4bde3d45d36b7af740\"},\"headline\":\"AUTOUR DE MARZIA\",\"datePublished\":\"2026-08-19T07:57:09+00:00\",\"dateModified\":\"2026-09-03T08:53:53+00:00\",\"mainEntityOfPage\":{\"@id\":\"https:\/\/www.atpdelaude.com\/?p=7438\"},\"wordCount\":532,\"publisher\":{\"@id\":\"https:\/\/www.atpdelaude.com\/#organization\"},\"articleSection\":[\"2026-2027\"],\"inLanguage\":\"fr-FR\"},{\"@type\":\"WebPage\",\"@id\":\"https:\/\/www.atpdelaude.com\/?p=7438\",\"url\":\"https:\/\/www.atpdelaude.com\/?p=7438\",\"name\":\"AUTOUR DE MARZIA - ATP de l&#039;Aude\",\"isPartOf\":{\"@id\":\"https:\/\/www.atpdelaude.com\/#website\"},\"datePublished\":\"2026-08-19T07:57:09+00:00\",\"dateModified\":\"2026-09-03T08:53:53+00:00\",\"breadcrumb\":{\"@id\":\"https:\/\/www.atpdelaude.com\/?p=7438#breadcrumb\"},\"inLanguage\":\"fr-FR\",\"potentialAction\":[{\"@type\":\"ReadAction\",\"target\":[\"https:\/\/www.atpdelaude.com\/?p=7438\"]}]},{\"@type\":\"BreadcrumbList\",\"@id\":\"https:\/\/www.atpdelaude.com\/?p=7438#breadcrumb\",\"itemListElement\":[{\"@type\":\"ListItem\",\"position\":1,\"name\":\"Accueil\",\"item\":\"https:\/\/www.atpdelaude.com\/\"},{\"@type\":\"ListItem\",\"position\":2,\"name\":\"AUTOUR DE MARZIA\"}]},{\"@type\":\"WebSite\",\"@id\":\"https:\/\/www.atpdelaude.com\/#website\",\"url\":\"https:\/\/www.atpdelaude.com\/\",\"name\":\"ATP de l&#039;Aude\",\"description\":\"Le th\u00e9\u00e2tre en vie\",\"publisher\":{\"@id\":\"https:\/\/www.atpdelaude.com\/#organization\"},\"potentialAction\":[{\"@type\":\"SearchAction\",\"target\":{\"@type\":\"EntryPoint\",\"urlTemplate\":\"https:\/\/www.atpdelaude.com\/?s={search_term_string}\"},\"query-input\":\"required name=search_term_string\"}],\"inLanguage\":\"fr-FR\"},{\"@type\":\"Organization\",\"@id\":\"https:\/\/www.atpdelaude.com\/#organization\",\"name\":\"ATP de l&#039;Aude\",\"url\":\"https:\/\/www.atpdelaude.com\/\",\"logo\":{\"@type\":\"ImageObject\",\"inLanguage\":\"fr-FR\",\"@id\":\"https:\/\/www.atpdelaude.com\/#\/schema\/logo\/image\/\",\"url\":\"https:\/\/www.atpdelaude.com\/wp-content\/uploads\/2021\/08\/cropped-logo-atp_contour_blanc.png\",\"contentUrl\":\"https:\/\/www.atpdelaude.com\/wp-content\/uploads\/2021\/08\/cropped-logo-atp_contour_blanc.png\",\"width\":458,\"height\":346,\"caption\":\"ATP de l&#039;Aude\"},\"image\":{\"@id\":\"https:\/\/www.atpdelaude.com\/#\/schema\/logo\/image\/\"}},{\"@type\":\"Person\",\"@id\":\"https:\/\/www.atpdelaude.com\/#\/schema\/person\/3c69b351b14c6c4bde3d45d36b7af740\",\"name\":\"david reina\",\"image\":{\"@type\":\"ImageObject\",\"inLanguage\":\"fr-FR\",\"@id\":\"https:\/\/www.atpdelaude.com\/#\/schema\/person\/image\/\",\"url\":\"https:\/\/secure.gravatar.com\/avatar\/76a5ec3b1df1a105c7d01a37574a7d539fa8d2fbc46718237916199a76170ed4?s=96&d=mm&r=g\",\"contentUrl\":\"https:\/\/secure.gravatar.com\/avatar\/76a5ec3b1df1a105c7d01a37574a7d539fa8d2fbc46718237916199a76170ed4?s=96&d=mm&r=g\",\"caption\":\"david reina\"},\"url\":\"https:\/\/www.atpdelaude.com\/?author=2\"}]}<\/script>\n<!-- \/ Yoast SEO plugin. -->","yoast_head_json":{"title":"AUTOUR DE MARZIA - ATP de l&#039;Aude","robots":{"index":"index","follow":"follow","max-snippet":"max-snippet:-1","max-image-preview":"max-image-preview:large","max-video-preview":"max-video-preview:-1"},"canonical":"https:\/\/www.atpdelaude.com\/?p=7438","og_locale":"fr_FR","og_type":"article","og_title":"AUTOUR DE MARZIA - ATP de l&#039;Aude","og_description":"Th\u00e9\u00e2tre Jeune Public 6 Mars - QUILLAN","og_url":"https:\/\/www.atpdelaude.com\/?p=7438","og_site_name":"ATP de l&#039;Aude","article_published_time":"2026-08-19T07:57:09+00:00","article_modified_time":"2026-09-03T08:53:53+00:00","og_image":[{"width":2560,"height":1707,"url":"https:\/\/www.atpdelaude.com\/wp-content\/uploads\/2026\/08\/MARZIA-HD1.Photo\u00a9P.MORALES-P1566675-scaled.jpg","type":"image\/jpeg"}],"author":"david reina","twitter_card":"summary_large_image","twitter_misc":{"\u00c9crit par":"david reina","Dur\u00e9e de lecture estim\u00e9e":"4 minutes"},"schema":{"@context":"https:\/\/schema.org","@graph":[{"@type":"Article","@id":"https:\/\/www.atpdelaude.com\/?p=7438#article","isPartOf":{"@id":"https:\/\/www.atpdelaude.com\/?p=7438"},"author":{"name":"david reina","@id":"https:\/\/www.atpdelaude.com\/#\/schema\/person\/3c69b351b14c6c4bde3d45d36b7af740"},"headline":"AUTOUR DE MARZIA","datePublished":"2026-08-19T07:57:09+00:00","dateModified":"2026-09-03T08:53:53+00:00","mainEntityOfPage":{"@id":"https:\/\/www.atpdelaude.com\/?p=7438"},"wordCount":532,"publisher":{"@id":"https:\/\/www.atpdelaude.com\/#organization"},"articleSection":["2026-2027"],"inLanguage":"fr-FR"},{"@type":"WebPage","@id":"https:\/\/www.atpdelaude.com\/?p=7438","url":"https:\/\/www.atpdelaude.com\/?p=7438","name":"AUTOUR DE MARZIA - ATP de l&#039;Aude","isPartOf":{"@id":"https:\/\/www.atpdelaude.com\/#website"},"datePublished":"2026-08-19T07:57:09+00:00","dateModified":"2026-09-03T08:53:53+00:00","breadcrumb":{"@id":"https:\/\/www.atpdelaude.com\/?p=7438#breadcrumb"},"inLanguage":"fr-FR","potentialAction":[{"@type":"ReadAction","target":["https:\/\/www.atpdelaude.com\/?p=7438"]}]},{"@type":"BreadcrumbList","@id":"https:\/\/www.atpdelaude.com\/?p=7438#breadcrumb","itemListElement":[{"@type":"ListItem","position":1,"name":"Accueil","item":"https:\/\/www.atpdelaude.com\/"},{"@type":"ListItem","position":2,"name":"AUTOUR DE MARZIA"}]},{"@type":"WebSite","@id":"https:\/\/www.atpdelaude.com\/#website","url":"https:\/\/www.atpdelaude.com\/","name":"ATP de l&#039;Aude","description":"Le th\u00e9\u00e2tre en vie","publisher":{"@id":"https:\/\/www.atpdelaude.com\/#organization"},"potentialAction":[{"@type":"SearchAction","target":{"@type":"EntryPoint","urlTemplate":"https:\/\/www.atpdelaude.com\/?s={search_term_string}"},"query-input":"required name=search_term_string"}],"inLanguage":"fr-FR"},{"@type":"Organization","@id":"https:\/\/www.atpdelaude.com\/#organization","name":"ATP de l&#039;Aude","url":"https:\/\/www.atpdelaude.com\/","logo":{"@type":"ImageObject","inLanguage":"fr-FR","@id":"https:\/\/www.atpdelaude.com\/#\/schema\/logo\/image\/","url":"https:\/\/www.atpdelaude.com\/wp-content\/uploads\/2021\/08\/cropped-logo-atp_contour_blanc.png","contentUrl":"https:\/\/www.atpdelaude.com\/wp-content\/uploads\/2021\/08\/cropped-logo-atp_contour_blanc.png","width":458,"height":346,"caption":"ATP de l&#039;Aude"},"image":{"@id":"https:\/\/www.atpdelaude.com\/#\/schema\/logo\/image\/"}},{"@type":"Person","@id":"https:\/\/www.atpdelaude.com\/#\/schema\/person\/3c69b351b14c6c4bde3d45d36b7af740","name":"david reina","image":{"@type":"ImageObject","inLanguage":"fr-FR","@id":"https:\/\/www.atpdelaude.com\/#\/schema\/person\/image\/","url":"https:\/\/secure.gravatar.com\/avatar\/76a5ec3b1df1a105c7d01a37574a7d539fa8d2fbc46718237916199a76170ed4?s=96&d=mm&r=g","contentUrl":"https:\/\/secure.gravatar.com\/avatar\/76a5ec3b1df1a105c7d01a37574a7d539fa8d2fbc46718237916199a76170ed4?s=96&d=mm&r=g","caption":"david reina"},"url":"https:\/\/www.atpdelaude.com\/?author=2"}]}},"_links":{"self":[{"href":"https:\/\/www.atpdelaude.com\/index.php?rest_route=\/wp\/v2\/posts\/7438","targetHints":{"allow":["GET"]}}],"collection":[{"href":"https:\/\/www.atpdelaude.com\/index.php?rest_route=\/wp\/v2\/posts"}],"about":[{"href":"https:\/\/www.atpdelaude.com\/index.php?rest_route=\/wp\/v2\/types\/post"}],"author":[{"embeddable":true,"href":"https:\/\/www.atpdelaude.com\/index.php?rest_route=\/wp\/v2\/users\/2"}],"replies":[{"embeddable":true,"href":"https:\/\/www.atpdelaude.com\/index.php?rest_route=%2Fwp%2Fv2%2Fcomments&post=7438"}],"version-history":[{"count":13,"href":"https:\/\/www.atpdelaude.com\/index.php?rest_route=\/wp\/v2\/posts\/7438\/revisions"}],"predecessor-version":[{"id":7663,"href":"https:\/\/www.atpdelaude.com\/index.php?rest_route=\/wp\/v2\/posts\/7438\/revisions\/7663"}],"wp:featuredmedia":[{"embeddable":true,"href":"https:\/\/www.atpdelaude.com\/index.php?rest_route=\/wp\/v2\/media\/7439"}],"wp:attachment":[{"href":"https:\/\/www.atpdelaude.com\/index.php?rest_route=%2Fwp%2Fv2%2Fmedia&parent=7438"}],"wp:term":[{"taxonomy":"category","embeddable":true,"href":"https:\/\/www.atpdelaude.com\/index.php?rest_route=%2Fwp%2Fv2%2Fcategories&post=7438"},{"taxonomy":"post_tag","embeddable":true,"href":"https:\/\/www.atpdelaude.com\/index.php?rest_route=%2Fwp%2Fv2%2Ftags&post=7438"}],"curies":[{"name":"wp","href":"https:\/\/api.w.org\/{rel}","templated":true}]}}